{"id":679,"count":1,"description":"","link":"https:\/\/www.journalofficiel.dj\/arabe\/institution\/161-sesn\/","name":"SECR\u00c9TARIAT D'\u00c9TAT AUPR\u00c8S DU PREMIER MINIST\u00c8RE, CHARG\u00c9 DE LA SOLIDARIT\u00c9 NATIONALE","slug":"161-sesn","taxonomy":"institution","meta":[],"acf":{"abreviation":"SESN","ordre":24,"mandat":"2008-03-27","active":false},"_links":{"self":[{"href":"https:\/\/www.journalofficiel.dj\/arabe\/wp-json\/wp\/v2\/institution\/679","targetHints":{"allow":["GET"]}}],"collection":[{"href":"https:\/\/www.journalofficiel.dj\/arabe\/wp-json\/wp\/v2\/institution"}],"about":[{"href":"https:\/\/www.journalofficiel.dj\/arabe\/wp-json\/wp\/v2\/taxonomies\/institution"}],"wp:post_type":[{"href":"https:\/\/www.journalofficiel.dj\/arabe\/wp-json\/wp\/v2\/texte-juridique?institution=679"}],"curies":[{"name":"wp","href":"https:\/\/api.w.org\/{rel}","templated":true}]}}